{"id":972,"date":"2016-10-05T10:00:18","date_gmt":"2016-10-05T10:00:18","guid":{"rendered":"https:\/\/cyclolock.com\/?p=972"},"modified":"2016-11-17T12:22:10","modified_gmt":"2016-11-17T12:22:10","slug":"rueda","status":"publish","type":"post","link":"https:\/\/cyclolock.com\/ca\/rueda\/","title":{"rendered":"Vine al Rueda en bici i aparca sense problemes"},"content":{"rendered":"<p><strong>&#8220;Com n\u2019\u00e9s de complicat aparcar la bici per Gr\u00e0cia&#8221;<\/strong><\/p>\n<p>Si no vols preocupar-te per on i com deixes la bici, i gaudir tranquil\u00b7lament de les sessions del <strong><em><a href=\"http:\/\/ruedabcn.cc\/\" target=\"_blank\">Festival Rueda<\/a><\/em><\/strong> als <em><strong><a href=\"http:\/\/www.cinemestexas.cat\/\" target=\"_blank\">Cinemes Texas<\/a><\/strong><\/em>, utilitza l<strong>&#8216;aparcament vigilat i gratu\u00eft<\/strong> a tan sols dos carrers del cinema.<\/p>\n<p>El p\u00e0rquing ef\u00edmer, especialment muntant per aquest esdeveniment, est\u00e0<strong> situat al cor del barri de Gr\u00e0cia<\/strong>, al <strong>carrer Mil\u00e0 i Fontanals 1B (continuaci\u00f3 del carrer Girona, per sobre de C\u00f2rsega)<\/strong>, en zona 30 i de f\u00e0cil acc\u00e9s rodat, proper a diversos carrils bici com el del Carrer Girona, Diagonal, Passeig Sant Joan o Proven\u00e7a.<\/p>\n<p><img loading=\"lazy\" decoding=\"async\" class=\"alignnone size-full wp-image-974 aligncenter\" src=\"https:\/\/cyclolock.com\/wp-content\/uploads\/2016\/10\/09163b9c54f9d9445eab8991a837cd40.png\" alt=\"Mapa localizaci\u00f3n p\u00e1rquing\" width=\"721\" height=\"548\" srcset=\"https:\/\/cyclolock.com\/wp-content\/uploads\/2016\/10\/09163b9c54f9d9445eab8991a837cd40.png 721w, https:\/\/cyclolock.com\/wp-content\/uploads\/2016\/10\/09163b9c54f9d9445eab8991a837cd40-768x583.png 768w\" sizes=\"auto, (max-width: 721px) 100vw, 721px\" \/><\/p>\n<p><strong>Obrirem el p\u00e0rquing 45 minuts abans<\/strong> de l&#8217;inici de totes les projeccions del festival i es <strong>tancar\u00e0 30 minuts despr\u00e9s de l&#8217;\u00faltima projecci\u00f3<\/strong>.<\/p>\n<p>El p\u00e0rquing comptar\u00e0 amb vigil\u00e0ncia en tot moment, i dues modalitats d&#8217;assist\u00e8ncia:<\/p>\n<ul>\n<li><em><strong>Aparcament lliure vigilat<\/strong><\/em>: nosaltres ens encarreguem de la delimitaci\u00f3 del per\u00edmetre i la vigil\u00e0ncia general de la zona de p\u00e0rquing, i <strong>vosaltres us heu d&#8217;encarregar d&#8217;assegurar la bici amb els vostres mitjans a la nostra estructura<\/strong>. Ideal per als que no surten de casa sense cadenat i busquen llibertat de moviments.<\/li>\n<li><strong><em>Servei de guarderia<\/em><\/strong>: <strong>ens lliureu a consigna la bici<\/strong>, la identifiquem amb un n\u00famero, i <strong>rebeu un tiquet numerat<\/strong>. Despr\u00e9s de l&#8217;esdeveniment, en lliurar el tiquet, et tornem la bicicleta. \u00c9s <strong>com un servei de guarda-roba on nosaltres tenim cura de la vostra bicicleta<\/strong>. Per als que no deixen la seva bici a qualsevol i no volen anar carregant amb el casc.<\/li>\n<\/ul>\n<p><img loading=\"lazy\" decoding=\"async\" class=\"size-full wp-image-874 aligncenter\" src=\"https:\/\/cyclolock.com\/wp-content\/uploads\/2016\/07\/IMG_4452-compressor-1.jpg\" alt=\"IMG_4452-compressor\" width=\"750\" height=\"563\" \/><\/p>\n<p>Gr\u00e0cies a la col\u00b7laboraci\u00f3 del <a href=\"http:\/\/ajuntament.barcelona.cat\/gracia\/ca\">Districte de Gr\u00e0cia<\/a>, que ha cedit l&#8217;espai, i al suport de la <a href=\"http:\/\/mobilitat.ajuntament.barcelona.cat\/\" target=\"_blank\">Regidoria de Mobilitat<\/a>, Cyclolock estar\u00e0 gestionant l&#8217;espai perqu\u00e8 puguis arribar a pedal i sense preocupacions.<\/p>\n","protected":false},"excerpt":{"rendered":"<p>&#8220;Com n\u2019\u00e9s de complicat aparcar la bici per Gr\u00e0cia&#8221; Si no vols preocupar-te per on i com deixes la bici, i gaudir tranquil\u00b7lament de les sessions del Festival Rueda als&#8230;<\/p>\n","protected":false},"author":4,"featured_media":977,"comment_status":"closed","ping_status":"closed","sticky":false,"template":"","format":"standard","meta":{"_acf_changed":false,"footnotes":""},"categories":[3,4,17],"tags":[72,119,35,115,117],"class_list":{"0":"post-972","1":"post","2":"type-post","3":"status-publish","4":"format-standard","5":"has-post-thumbnail","7":"category-ciclisme_urba","8":"category-cultura","9":"category-mobilitat","10":"tag-esdeveniments","11":"tag-festival-de-cine-ciclista","12":"tag-guarderia-de-bicicletes","13":"tag-parquing-de-bicicletes","14":"tag-rueda"},"acf":[],"_links":{"self":[{"href":"https:\/\/cyclolock.com\/ca\/wp-json\/wp\/v2\/posts\/972","targetHints":{"allow":["GET"]}}],"collection":[{"href":"https:\/\/cyclolock.com\/ca\/wp-json\/wp\/v2\/posts"}],"about":[{"href":"https:\/\/cyclolock.com\/ca\/wp-json\/wp\/v2\/types\/post"}],"author":[{"embeddable":true,"href":"https:\/\/cyclolock.com\/ca\/wp-json\/wp\/v2\/users\/4"}],"replies":[{"embeddable":true,"href":"https:\/\/cyclolock.com\/ca\/wp-json\/wp\/v2\/comments?post=972"}],"version-history":[{"count":2,"href":"https:\/\/cyclolock.com\/ca\/wp-json\/wp\/v2\/posts\/972\/revisions"}],"predecessor-version":[{"id":981,"href":"https:\/\/cyclolock.com\/ca\/wp-json\/wp\/v2\/posts\/972\/revisions\/981"}],"wp:featuredmedia":[{"embeddable":true,"href":"https:\/\/cyclolock.com\/ca\/wp-json\/wp\/v2\/media\/977"}],"wp:attachment":[{"href":"https:\/\/cyclolock.com\/ca\/wp-json\/wp\/v2\/media?parent=972"}],"wp:term":[{"taxonomy":"category","embeddable":true,"href":"https:\/\/cyclolock.com\/ca\/wp-json\/wp\/v2\/categories?post=972"},{"taxonomy":"post_tag","embeddable":true,"href":"https:\/\/cyclolock.com\/ca\/wp-json\/wp\/v2\/tags?post=972"}],"curies":[{"name":"wp","href":"https:\/\/api.w.org\/{rel}","templated":true}]}}