{"id":894,"date":"2016-09-15T23:00:11","date_gmt":"2016-09-15T23:00:11","guid":{"rendered":"https:\/\/cyclolock.com\/?p=894"},"modified":"2016-11-17T12:22:11","modified_gmt":"2016-11-17T12:22:11","slug":"parquing-de-bicicletes-setmana-mobilitat2016","status":"publish","type":"post","link":"https:\/\/cyclolock.com\/ca\/parquing-de-bicicletes-setmana-mobilitat2016\/","title":{"rendered":"Setmana de la #Mobilitat2016"},"content":{"rendered":"<p>Del 16 al 22 de setembre se celebra a Catalunya, dins la <strong><a href=\"https:\/\/youtu.be\/eIwJLeEVVsU\" target=\"_blank\">European Mobility Week<\/a><\/strong>, la <strong>Setmana de la Mobilitat Sostenible i Segura<\/strong>.<\/p>\n<p><img loading=\"lazy\" decoding=\"async\" class=\"alignnone size-full wp-image-917\" src=\"https:\/\/cyclolock.com\/wp-content\/uploads\/2016\/09\/Fmilia.jpg\" alt=\"Fmilia\" width=\"750\" height=\"336\" srcset=\"https:\/\/cyclolock.com\/wp-content\/uploads\/2016\/09\/Fmilia.jpg 750w, https:\/\/cyclolock.com\/wp-content\/uploads\/2016\/09\/Fmilia-768x344.jpg 768w\" sizes=\"auto, (max-width: 750px) 100vw, 750px\" \/>Ajuntaments, entitats i associacions oferiran un seguit d\u2019<strong>activitats per promoure h\u00e0bits de mobilitat m\u00e9s sostenibles, segurs i saludables<\/strong>. Es vol amb aix\u00ed potenciar els despla\u00e7aments a peu, en bicicleta, en transport p\u00fablic o amb vehicle el\u00e8ctric, i donar a con\u00e8ixer a la ciutadania els seus beneficis com son l\u2019\u00fas compartit de l\u2019espai p\u00fablic, el consum racional dels recursos energ\u00e8tics, la millora de la qualitat de l\u2019aire i la reducci\u00f3 de la contaminaci\u00f3 ambiental.<\/p>\n<p><a href=\"http:\/\/territori.gencat.cat\/ca\/03_infraestructures_i_mobilitat\/setmana-de-la-mobilitat-sostenible-i-segura\/agenda-dactivitats\/\" target=\"_blank\"><img loading=\"lazy\" decoding=\"async\" class=\"alignleft wp-image-905 size-medium\" src=\"https:\/\/cyclolock.com\/wp-content\/uploads\/2016\/09\/Mapa-detall-300x300.jpg\" alt=\"Mapa detall\" width=\"300\" height=\"300\" srcset=\"https:\/\/cyclolock.com\/wp-content\/uploads\/2016\/09\/Mapa-detall-300x300.jpg 300w, https:\/\/cyclolock.com\/wp-content\/uploads\/2016\/09\/Mapa-detall-150x150.jpg 150w, https:\/\/cyclolock.com\/wp-content\/uploads\/2016\/09\/Mapa-detall-1024x1024.jpg 1024w\" sizes=\"auto, (max-width: 300px) 100vw, 300px\" \/><\/a><\/p>\n<p>La oferta \u00e9s molt variada i abasta tot el territori, on es poden trobar des d\u2019activitats l\u00fadiques com <strong>caminades i pedalades populars<\/strong>, el <strong>concurs de fotografia &#8220;Apunta&#8217;t al ClicMob!&#8221;<\/strong> o d\u2019altres m\u00e9s t\u00e8cniques com <strong>tallers de reparaci\u00f3 o Fires de Mobilitat Sostenible<\/strong>, sense oblidar jornades de sensibilitzaci\u00f3 com les <strong>Curses de transports, el Dia sense cotxes o el <a href=\"http:\/\/parkingdaybcn.org\/\" target=\"_blank\">Park(ing) Day<\/a><\/strong>.<\/p>\n<p><strong><a href=\"http:\/\/territori.gencat.cat\/ca\/03_infraestructures_i_mobilitat\/setmana-de-la-mobilitat-sostenible-i-segura\/agenda-dactivitats\/\" target=\"_blank\">Clicant al mapa podreu veure les propostes per municipi.<\/a><\/strong><\/p>\n<p>&nbsp;<\/p>\n<p>&nbsp;<\/p>\n<p>A Cyclolock no ens ho volem perdre i apart de gaudir d\u2019algunes de les propostes, tamb\u00e9 <a href=\"http:\/\/www.santcugat.cat\/programa\/setmana-de-la-mobilitat-sostenible-i-segura-2016\" target=\"_blank\">volem aportar el nostre granet de sorra i per aix\u00f2 <\/a><strong>serem presents en les activitats propostes a Sant Cugat del Vall\u00e8s el proper diumenge 18 d\u2019octubre<\/strong> al mat\u00ed, donant <strong>servei de p\u00e0rquing gratu\u00eft a les activitats que es faran a la pla\u00e7a de la Vila, de 10.30 a 14.30 h organitzades per l\u2019Ajuntament<\/strong>. La proposta per diumenge \u00e9s una <strong>bicicletada popular<\/strong> de 10 km, una <strong>fira de vehicles el\u00e8ctrics<\/strong> amb exposici\u00f3 de cotxes, motos i bicis a prova, i un <strong>circuit de karts a pedals<\/strong> per els m\u00e9s petits.<\/p>\n<p><strong>Us hi esperem!<\/strong><\/p>\n<p><img loading=\"lazy\" decoding=\"async\" class=\"alignnone size-full wp-image-906\" src=\"https:\/\/cyclolock.com\/wp-content\/uploads\/2016\/09\/Pedalada.jpg\" alt=\"Pedalada\" width=\"750\" height=\"299\" srcset=\"https:\/\/cyclolock.com\/wp-content\/uploads\/2016\/09\/Pedalada.jpg 750w, https:\/\/cyclolock.com\/wp-content\/uploads\/2016\/09\/Pedalada-768x306.jpg 768w\" sizes=\"auto, (max-width: 750px) 100vw, 750px\" \/><\/p>\n","protected":false},"excerpt":{"rendered":"<p>Del 16 al 22 de setembre se celebra a Catalunya, dins la European Mobility Week, la Setmana de la Mobilitat Sostenible i Segura. Ajuntaments, entitats i associacions oferiran un seguit&#8230;<\/p>\n","protected":false},"author":4,"featured_media":902,"comment_status":"closed","ping_status":"closed","sticky":false,"template":"","format":"standard","meta":{"_acf_changed":false,"footnotes":""},"categories":[3,15,16,17,18],"tags":[72,35,28,116,107,106,105],"class_list":{"0":"post-894","1":"post","2":"type-post","3":"status-publish","4":"format-standard","5":"has-post-thumbnail","7":"category-ciclisme_urba","8":"category-esports","9":"category-medi_ambient","10":"category-mobilitat","11":"category-salut","12":"tag-esdeveniments","13":"tag-guarderia-de-bicicletes","14":"tag-mobilitat","15":"tag-parking-de-bicicletes","16":"tag-pedalada","17":"tag-sant-cugat","18":"tag-setmana"},"acf":[],"_links":{"self":[{"href":"https:\/\/cyclolock.com\/ca\/wp-json\/wp\/v2\/posts\/894","targetHints":{"allow":["GET"]}}],"collection":[{"href":"https:\/\/cyclolock.com\/ca\/wp-json\/wp\/v2\/posts"}],"about":[{"href":"https:\/\/cyclolock.com\/ca\/wp-json\/wp\/v2\/types\/post"}],"author":[{"embeddable":true,"href":"https:\/\/cyclolock.com\/ca\/wp-json\/wp\/v2\/users\/4"}],"replies":[{"embeddable":true,"href":"https:\/\/cyclolock.com\/ca\/wp-json\/wp\/v2\/comments?post=894"}],"version-history":[{"count":12,"href":"https:\/\/cyclolock.com\/ca\/wp-json\/wp\/v2\/posts\/894\/revisions"}],"predecessor-version":[{"id":944,"href":"https:\/\/cyclolock.com\/ca\/wp-json\/wp\/v2\/posts\/894\/revisions\/944"}],"wp:featuredmedia":[{"embeddable":true,"href":"https:\/\/cyclolock.com\/ca\/wp-json\/wp\/v2\/media\/902"}],"wp:attachment":[{"href":"https:\/\/cyclolock.com\/ca\/wp-json\/wp\/v2\/media?parent=894"}],"wp:term":[{"taxonomy":"category","embeddable":true,"href":"https:\/\/cyclolock.com\/ca\/wp-json\/wp\/v2\/categories?post=894"},{"taxonomy":"post_tag","embeddable":true,"href":"https:\/\/cyclolock.com\/ca\/wp-json\/wp\/v2\/tags?post=894"}],"curies":[{"name":"wp","href":"https:\/\/api.w.org\/{rel}","templated":true}]}}