{"id":629,"date":"2016-03-28T10:34:22","date_gmt":"2016-03-28T10:34:22","guid":{"rendered":"https:\/\/cyclolock.com\/?p=629"},"modified":"2016-11-17T12:22:12","modified_gmt":"2016-11-17T12:22:12","slug":"bicicletes-vs-cotxes","status":"publish","type":"post","link":"https:\/\/cyclolock.com\/ca\/bicicletes-vs-cotxes\/","title":{"rendered":"&#8220;Bicicletes vs. Cotxes &#8220;a tv3"},"content":{"rendered":"<p>El premiat <strong><a href=\"http:\/\/www.ccma.cat\/tv3\/alacarta\/sense-ficcio\/bicicletes-vs-cotxes\/video\/5591351\/\" target=\"_blank\">documental\u00a0Bicicletes vs. Cotxes <\/a><\/strong>(&#8220;Bikes vs Cars&#8221;) del suec <em><a href=\"https:\/\/twitter.com\/fredrikgertten\" target=\"_blank\">Fredrik Gertten<\/a><\/em>, es podr\u00e0 veure dem\u00e0 dimarts a les 23h al programa de TV3 &#8220;<strong><strong><a href=\"http:\/\/www.ccma.cat\/tv3\/sense-ficcio\/\" target=\"_blank\">Sense Ficci\u00f3<\/a><\/strong>&#8220;.<br \/>\n<\/strong>&#8220;Bicicletes vs. Cotxes &#8220;ens presenta diversos activistes i pensadors que lluiten per aconseguir <strong>ciutats m\u00e9s sostenibles<\/strong>. Es neguen a deixar d&#8217;anar <strong>en\u00a0bicicleta<\/strong>, tot i l&#8217;augment del nombre de morts en accidents de tr\u00e0nsit.<\/p>\n<p>Al blog de l&#8217;espai podreu veure tamb\u00e9 el v\u00eddeo de l&#8217;<strong><em><a href=\"http:\/\/www.ccma.cat\/tv3\/alacarta\/sense-ficcio\/entrevista-a-fredrik-gertten-director-de-bicicletes-vs-cotxes\/video\/5591121\/\" target=\"_blank\">entrevista<\/a><\/em><\/strong> realitzada a Gertten, on reivindica la bicicleta com a una poderosa eina per a la <strong>transformaci\u00f3 de les ciutats<\/strong>.<\/p>\n","protected":false},"excerpt":{"rendered":"<p>El premiat documental\u00a0Bicicletes vs. Cotxes (&#8220;Bikes vs Cars&#8221;) del suec Fredrik Gertten, es podr\u00e0 veure dem\u00e0 dimarts a les 23h al programa de TV3 &#8220;Sense Ficci\u00f3&#8220;. &#8220;Bicicletes vs. Cotxes &#8220;ens&#8230;<\/p>\n","protected":false},"author":4,"featured_media":627,"comment_status":"closed","ping_status":"closed","sticky":false,"template":"","format":"standard","meta":{"_acf_changed":false,"footnotes":""},"categories":[3,4,16,17],"tags":[57,58,76,28],"class_list":{"0":"post-629","1":"post","2":"type-post","3":"status-publish","4":"format-standard","5":"has-post-thumbnail","7":"category-ciclisme_urba","8":"category-cultura","9":"category-medi_ambient","10":"category-mobilitat","11":"tag-bicicletes","12":"tag-cotxes","13":"tag-eventos","14":"tag-mobilitat"},"acf":[],"_links":{"self":[{"href":"https:\/\/cyclolock.com\/ca\/wp-json\/wp\/v2\/posts\/629","targetHints":{"allow":["GET"]}}],"collection":[{"href":"https:\/\/cyclolock.com\/ca\/wp-json\/wp\/v2\/posts"}],"about":[{"href":"https:\/\/cyclolock.com\/ca\/wp-json\/wp\/v2\/types\/post"}],"author":[{"embeddable":true,"href":"https:\/\/cyclolock.com\/ca\/wp-json\/wp\/v2\/users\/4"}],"replies":[{"embeddable":true,"href":"https:\/\/cyclolock.com\/ca\/wp-json\/wp\/v2\/comments?post=629"}],"version-history":[{"count":3,"href":"https:\/\/cyclolock.com\/ca\/wp-json\/wp\/v2\/posts\/629\/revisions"}],"predecessor-version":[{"id":647,"href":"https:\/\/cyclolock.com\/ca\/wp-json\/wp\/v2\/posts\/629\/revisions\/647"}],"wp:featuredmedia":[{"embeddable":true,"href":"https:\/\/cyclolock.com\/ca\/wp-json\/wp\/v2\/media\/627"}],"wp:attachment":[{"href":"https:\/\/cyclolock.com\/ca\/wp-json\/wp\/v2\/media?parent=629"}],"wp:term":[{"taxonomy":"category","embeddable":true,"href":"https:\/\/cyclolock.com\/ca\/wp-json\/wp\/v2\/categories?post=629"},{"taxonomy":"post_tag","embeddable":true,"href":"https:\/\/cyclolock.com\/ca\/wp-json\/wp\/v2\/tags?post=629"}],"curies":[{"name":"wp","href":"https:\/\/api.w.org\/{rel}","templated":true}]}}