{"id":304,"date":"2015-12-07T10:08:53","date_gmt":"2015-12-07T10:08:53","guid":{"rendered":"https:\/\/cyclolock.com\/?p=304"},"modified":"2016-04-03T10:59:14","modified_gmt":"2016-04-03T10:59:14","slug":"la-bici-triomfa-a-la-ciutat","status":"publish","type":"post","link":"https:\/\/cyclolock.com\/ca\/la-bici-triomfa-a-la-ciutat\/","title":{"rendered":"La bici triomfa a la ciutat"},"content":{"rendered":"<p>Volem compartir amb vosaltres l\u2019article de la OCU (Organizaci\u00f3n de Consumidores y Usuarios) sobre els resultats de l\u2019enquesta que van portar a terme a 16 ciutats espanyoles, on la bici ja \u00e9s el mitj\u00e0 de transport m\u00e9s habitual per un de cada 5 habitants.<\/p>\n<p>Gaudiu de la lectura!<\/p>\n<p><img loading=\"lazy\" decoding=\"async\" class=\"alignnone size-full wp-image-386\" src=\"https:\/\/cyclolock.com\/wp-content\/uploads\/2015\/12\/noticia_usoBici.jpg\" alt=\"Uso Bici\" width=\"500\" height=\"665\" srcset=\"https:\/\/cyclolock.com\/wp-content\/uploads\/2015\/12\/noticia_usoBici.jpg 500w, https:\/\/cyclolock.com\/wp-content\/uploads\/2015\/12\/noticia_usoBici-768x1021.jpg 768w\" sizes=\"auto, (max-width: 500px) 100vw, 500px\" \/><\/p>\n<p><a href=\"http:\/\/www.ocu.org\/coches\/bicicletas\/noticias\/bici-en-la-ciudad\"><strong>http:\/\/www.ocu.org\/coches\/bicicletas\/noticias\/bici-en-la-ciudad<\/strong><\/a><\/p>\n<p>&nbsp;<\/p>\n","protected":false},"excerpt":{"rendered":"<p>Volem compartir amb vosaltres l\u2019article de la OCU (Organizaci\u00f3n de Consumidores y Usuarios) sobre els resultats de l\u2019enquesta que van portar a terme a 16 ciutats espanyoles, on la bici&#8230;<\/p>\n","protected":false},"author":2,"featured_media":385,"comment_status":"open","ping_status":"open","sticky":false,"template":"","format":"standard","meta":{"_acf_changed":false,"footnotes":""},"categories":[3,17],"tags":[57,28],"class_list":{"0":"post-304","1":"post","2":"type-post","3":"status-publish","4":"format-standard","5":"has-post-thumbnail","7":"category-ciclisme_urba","8":"category-mobilitat","9":"tag-bicicletes","10":"tag-mobilitat"},"acf":[],"_links":{"self":[{"href":"https:\/\/cyclolock.com\/ca\/wp-json\/wp\/v2\/posts\/304","targetHints":{"allow":["GET"]}}],"collection":[{"href":"https:\/\/cyclolock.com\/ca\/wp-json\/wp\/v2\/posts"}],"about":[{"href":"https:\/\/cyclolock.com\/ca\/wp-json\/wp\/v2\/types\/post"}],"author":[{"embeddable":true,"href":"https:\/\/cyclolock.com\/ca\/wp-json\/wp\/v2\/users\/2"}],"replies":[{"embeddable":true,"href":"https:\/\/cyclolock.com\/ca\/wp-json\/wp\/v2\/comments?post=304"}],"version-history":[{"count":4,"href":"https:\/\/cyclolock.com\/ca\/wp-json\/wp\/v2\/posts\/304\/revisions"}],"predecessor-version":[{"id":389,"href":"https:\/\/cyclolock.com\/ca\/wp-json\/wp\/v2\/posts\/304\/revisions\/389"}],"wp:featuredmedia":[{"embeddable":true,"href":"https:\/\/cyclolock.com\/ca\/wp-json\/wp\/v2\/media\/385"}],"wp:attachment":[{"href":"https:\/\/cyclolock.com\/ca\/wp-json\/wp\/v2\/media?parent=304"}],"wp:term":[{"taxonomy":"category","embeddable":true,"href":"https:\/\/cyclolock.com\/ca\/wp-json\/wp\/v2\/categories?post=304"},{"taxonomy":"post_tag","embeddable":true,"href":"https:\/\/cyclolock.com\/ca\/wp-json\/wp\/v2\/tags?post=304"}],"curies":[{"name":"wp","href":"https:\/\/api.w.org\/{rel}","templated":true}]}}