{"id":1356,"date":"2016-09-05T17:41:33","date_gmt":"2016-09-05T17:41:33","guid":{"rendered":"https:\/\/cyclolock.com\/?p=1356"},"modified":"2016-11-27T18:11:19","modified_gmt":"2016-11-27T18:11:19","slug":"circular-en-bici-a-la-superilla","status":"publish","type":"post","link":"https:\/\/cyclolock.com\/ca\/circular-en-bici-a-la-superilla\/","title":{"rendered":"\u00bfCom han de circular les bicicletes a la superilla?"},"content":{"rendered":"<p>Les <b><a href=\"https:\/\/www.facebook.com\/hashtag\/superilles?source=feed_text&amp;story_id=1220362158028358\" target=\"_blank\">superilles<\/a>\u00a0<\/b>son noves \u00a0formes d\u2019agrupaci\u00f3, basades en les illes d&#8217;habitatges tradicionals de la ciutat de Barcelona, on es replanteja el rol dels carrers i es fomenta la interacci\u00f3 i l\u2019agrupament social. Una mobilitat m\u00e9s sostenible i la revitalitzaci\u00f3 de l\u2019espai p\u00fablic son dos dels seus objectius destacats.<\/p>\n<p><img loading=\"lazy\" decoding=\"async\" class=\"size-full wp-image-1357 aligncenter\" src=\"https:\/\/cyclolock.com\/wp-content\/uploads\/2016\/11\/superilla-1473068182734-compressor-e1480268927237.jpg\" alt=\"superilla-1473068182734-compressor\" width=\"750\" height=\"461\" \/><br \/>\nHem revisat la web de <strong><a href=\"http:\/\/ajuntament.barcelona.cat\/ecologiaurbana\/ca\/noticia\/mzss-de-vuit-mil-metres-quadrats-lliures-a-la-superilla-del-poblenou\" target=\"_blank\">Ajuntament de Barcelona<\/a><\/strong> on ens expliquen que a la superilla pilot del Poblenou s&#8217;eliminen els ca<span class=\"text_exposed_show\">rrils bici i es permet que les bicicletes hi circulin en doble sentit pels seus vials interiors. A m\u00e9s a m\u00e9s les bicicletes son els \u00fanics vehicles que podran travessar les cru\u00eflles en l\u00ednia recta. Per a m\u00e9s info entreu a la web de l&#8217;Ajuntament.<br \/>\n<strong>Benvingudes superilles!<\/strong><\/span><\/p>\n<h6>Fotos: Ajuntament de Barcelona<\/h6>\n","protected":false},"excerpt":{"rendered":"<p>Les superilles\u00a0son noves \u00a0formes d\u2019agrupaci\u00f3, basades en les illes d&#8217;habitatges tradicionals de la ciutat de Barcelona, on es replanteja el rol dels carrers i es fomenta la interacci\u00f3 i l\u2019agrupament&#8230;<\/p>\n","protected":false},"author":4,"featured_media":1361,"comment_status":"closed","ping_status":"closed","sticky":false,"template":"","format":"standard","meta":{"_acf_changed":false,"footnotes":""},"categories":[3,16,17],"tags":[159,28,158],"class_list":{"0":"post-1356","1":"post","2":"type-post","3":"status-publish","4":"format-standard","5":"has-post-thumbnail","7":"category-ciclisme_urba","8":"category-medi_ambient","9":"category-mobilitat","10":"tag-barcelona","11":"tag-mobilitat","12":"tag-superilles"},"acf":[],"_links":{"self":[{"href":"https:\/\/cyclolock.com\/ca\/wp-json\/wp\/v2\/posts\/1356","targetHints":{"allow":["GET"]}}],"collection":[{"href":"https:\/\/cyclolock.com\/ca\/wp-json\/wp\/v2\/posts"}],"about":[{"href":"https:\/\/cyclolock.com\/ca\/wp-json\/wp\/v2\/types\/post"}],"author":[{"embeddable":true,"href":"https:\/\/cyclolock.com\/ca\/wp-json\/wp\/v2\/users\/4"}],"replies":[{"embeddable":true,"href":"https:\/\/cyclolock.com\/ca\/wp-json\/wp\/v2\/comments?post=1356"}],"version-history":[{"count":7,"href":"https:\/\/cyclolock.com\/ca\/wp-json\/wp\/v2\/posts\/1356\/revisions"}],"predecessor-version":[{"id":1369,"href":"https:\/\/cyclolock.com\/ca\/wp-json\/wp\/v2\/posts\/1356\/revisions\/1369"}],"wp:featuredmedia":[{"embeddable":true,"href":"https:\/\/cyclolock.com\/ca\/wp-json\/wp\/v2\/media\/1361"}],"wp:attachment":[{"href":"https:\/\/cyclolock.com\/ca\/wp-json\/wp\/v2\/media?parent=1356"}],"wp:term":[{"taxonomy":"category","embeddable":true,"href":"https:\/\/cyclolock.com\/ca\/wp-json\/wp\/v2\/categories?post=1356"},{"taxonomy":"post_tag","embeddable":true,"href":"https:\/\/cyclolock.com\/ca\/wp-json\/wp\/v2\/tags?post=1356"}],"curies":[{"name":"wp","href":"https:\/\/api.w.org\/{rel}","templated":true}]}}