{"id":1032,"date":"2016-11-14T22:43:56","date_gmt":"2016-11-14T22:43:56","guid":{"rendered":"https:\/\/cyclolock.com\/?p=1032"},"modified":"2017-06-04T15:07:52","modified_gmt":"2017-06-04T15:07:52","slug":"parquing-bicicletas-barceloneta-bikes","status":"publish","type":"post","link":"https:\/\/cyclolock.com\/ca\/parquing-bicicletas-barceloneta-bikes\/","title":{"rendered":"5\u00e8 Aniversari Barceloneta Bikes"},"content":{"rendered":"<p style=\"text-align: left;\">Cyclolock es va unir a la celebraci\u00f3 del 5\u00e8 aniversari de\u00a0<strong><a class=\"profileLink\" href=\"http:\/\/www.barcelonetabikes.com\/\" target=\"_blank\" data-hovercard=\"\/ajax\/hovercard\/event.php?id=380647702326607&amp;extragetparams=%7B%22source%22%3A3%2C%22source_newsfeed_story_type%22%3A%22regular%22%2C%22action_history%22%3A%22null%22%7D\">Barceloneta Bikes<\/a><\/strong>, botiga de refer\u00e8ncia en el mon de les fixies a Barcelona,\u00a0donant servei de guarderia de bicis als assistents\u00a0a la festa nocturna al <a class=\"profileLink\" href=\"https:\/\/www.facebook.com\/BlackLabBCN\/\" data-hovercard=\"\/ajax\/hovercard\/page.php?id=272285822954870\">BlackLab<\/a>\u00a0de Palau de Mar.<\/p>\n<p style=\"text-align: left;\"><img loading=\"lazy\" decoding=\"async\" class=\"alignnone size-full wp-image-1046 aligncenter\" src=\"https:\/\/cyclolock.com\/wp-content\/uploads\/2016\/11\/BB-web-1-min.jpg\" alt=\"BB web 1-min\" width=\"750\" height=\"563\" srcset=\"https:\/\/cyclolock.com\/wp-content\/uploads\/2016\/11\/BB-web-1-min.jpg 750w, https:\/\/cyclolock.com\/wp-content\/uploads\/2016\/11\/BB-web-1-min-768x576.jpg 768w\" sizes=\"auto, (max-width: 750px) 100vw, 750px\" \/><br \/>\nLa vetllada\u00a0va estar amenitzada pels reptes\u00a0goldsprint de <strong><a href=\"http:\/\/www.thehamsters.bike\/\" target=\"_blank\">The Hamsters<\/a>.\u00a0<\/strong>Per els que encara no sabeu de que va, aqu\u00ed us deixem un v\u00eddeo: retes als teus amics a fer 500 metres en el m\u00ednim temps, la teva velocitat i dist\u00e0ncia recorreguda queda enregistrada i a la pantalla es proclama\u00a0al vencedor!<\/p>\n<div style=\"width: 426px;\" class=\"wp-video\"><video class=\"wp-video-shortcode\" id=\"video-1032-1\" width=\"426\" height=\"426\" preload=\"metadata\" controls=\"controls\"><source type=\"video\/mp4\" src=\"https:\/\/cyclolock.com\/wp-content\/uploads\/2016\/11\/compressed-15093832_797181977087625_4196443714052161536_n.mp4?_=1\" \/><a href=\"https:\/\/cyclolock.com\/wp-content\/uploads\/2016\/11\/compressed-15093832_797181977087625_4196443714052161536_n.mp4\">https:\/\/cyclolock.com\/wp-content\/uploads\/2016\/11\/compressed-15093832_797181977087625_4196443714052161536_n.mp4<\/a><\/video><\/div>\n<p>&nbsp;<\/p>\n<p>Nom\u00e9s per participar ja entraves al sorteig d&#8217;una <strong><a id=\"js_9jf\" class=\"profileLink\" href=\"https:\/\/www.facebook.com\/poloandbikeofficial\/\" data-hovercard=\"\/ajax\/hovercard\/page.php?id=127947467282856\">Poloandbike<\/a><\/strong>, col\u00b7laborant alhora amb\u00a0la campanya de <strong><a class=\"profileLink\" href=\"https:\/\/www.facebook.com\/MovemberSpain\/\" data-hovercard=\"\/ajax\/hovercard\/page.php?id=338313367003\">Movember Foundation Spain<\/a><\/strong> 2016, i tot regat amb la gran varietat de cervesa feta all\u00e0 mateix, al la fabrica de <strong><a href=\"http:\/\/www.blacklab.es\/\" target=\"_blank\">BlackLab<\/a><\/strong>.<\/p>\n<p><strong><em>Moltes felicitats Barceloneta Bikes i per molt anys m\u00e9s!<\/em><\/strong><\/p>\n","protected":false},"excerpt":{"rendered":"<p>Cyclolock es va unir a la celebraci\u00f3 del 5\u00e8 aniversari de\u00a0Barceloneta Bikes, botiga de refer\u00e8ncia en el mon de les fixies a Barcelona,\u00a0donant servei de guarderia de bicis als assistents\u00a0a&#8230;<\/p>\n","protected":false},"author":4,"featured_media":1047,"comment_status":"closed","ping_status":"closed","sticky":false,"template":"","format":"standard","meta":{"_acf_changed":false,"footnotes":""},"categories":[3,4],"tags":[128,72,66,35,116],"class_list":{"0":"post-1032","1":"post","2":"type-post","3":"status-publish","4":"format-standard","5":"has-post-thumbnail","7":"category-ciclisme_urba","8":"category-cultura","9":"tag-barceloneta-bikes","10":"tag-esdeveniments","11":"tag-festa","12":"tag-guarderia-de-bicicletes","13":"tag-parking-de-bicicletes"},"acf":[],"_links":{"self":[{"href":"https:\/\/cyclolock.com\/ca\/wp-json\/wp\/v2\/posts\/1032","targetHints":{"allow":["GET"]}}],"collection":[{"href":"https:\/\/cyclolock.com\/ca\/wp-json\/wp\/v2\/posts"}],"about":[{"href":"https:\/\/cyclolock.com\/ca\/wp-json\/wp\/v2\/types\/post"}],"author":[{"embeddable":true,"href":"https:\/\/cyclolock.com\/ca\/wp-json\/wp\/v2\/users\/4"}],"replies":[{"embeddable":true,"href":"https:\/\/cyclolock.com\/ca\/wp-json\/wp\/v2\/comments?post=1032"}],"version-history":[{"count":8,"href":"https:\/\/cyclolock.com\/ca\/wp-json\/wp\/v2\/posts\/1032\/revisions"}],"predecessor-version":[{"id":1049,"href":"https:\/\/cyclolock.com\/ca\/wp-json\/wp\/v2\/posts\/1032\/revisions\/1049"}],"wp:featuredmedia":[{"embeddable":true,"href":"https:\/\/cyclolock.com\/ca\/wp-json\/wp\/v2\/media\/1047"}],"wp:attachment":[{"href":"https:\/\/cyclolock.com\/ca\/wp-json\/wp\/v2\/media?parent=1032"}],"wp:term":[{"taxonomy":"category","embeddable":true,"href":"https:\/\/cyclolock.com\/ca\/wp-json\/wp\/v2\/categories?post=1032"},{"taxonomy":"post_tag","embeddable":true,"href":"https:\/\/cyclolock.com\/ca\/wp-json\/wp\/v2\/tags?post=1032"}],"curies":[{"name":"wp","href":"https:\/\/api.w.org\/{rel}","templated":true}]}}